{"id":2093,"date":"2014-12-05T16:48:00","date_gmt":"2014-12-05T16:48:00","guid":{"rendered":"https:\/\/lcm-client.com\/?p=2093"},"modified":"2021-09-24T11:22:54","modified_gmt":"2021-09-24T09:22:54","slug":"betreibertreffen-stuttgart-03-12","status":"publish","type":"post","link":"https:\/\/www.obsolescence-management.net\/en\/betreibertreffen-stuttgart-03-12\/","title":{"rendered":"Betreibertreffen Stuttgart 03.12.2014"},"content":{"rendered":"<div data-elementor-type=\"wp-post\" data-elementor-id=\"2093\" class=\"elementor elementor-2093\" data-elementor-post-type=\"post\">\n\t\t\t\t\t\t<section class=\"elementor-section elementor-top-section elementor-element elementor-element-359dfbc elementor-section-boxed elementor-section-height-default elementor-section-height-default\" data-id=\"359dfbc\" data-element_type=\"section\">\n\t\t\t\t\t\t<div class=\"elementor-container elementor-column-gap-default\">\n\t\t\t\t\t\t<\/div>\n\t\t<\/section>\n\t\t\t\t<section class=\"elementor-section elementor-top-section elementor-element elementor-element-5d253f3 elementor-section-boxed elementor-section-height-default elementor-section-height-default\" data-id=\"5d253f3\" data-element_type=\"section\">\n\t\t\t\t\t\t<div class=\"elementor-container elementor-column-gap-default\">\n\t\t\t\t\t\t<\/div>\n\t\t<\/section>\n\t\t\t\t<section class=\"elementor-section elementor-top-section elementor-element elementor-element-ec0f2c9 elementor-section-boxed elementor-section-height-default elementor-section-height-default\" data-id=\"ec0f2c9\" data-element_type=\"section\">\n\t\t\t\t\t\t<div class=\"elementor-container elementor-column-gap-default\">\n\t\t\t\t\t<div class=\"elementor-column elementor-col-100 elementor-top-column elementor-element elementor-element-49b70d0\" data-id=\"49b70d0\" data-element_type=\"column\">\n\t\t\t<div class=\"elementor-widget-wrap elementor-element-populated\">\n\t\t\t\t\t\t<div class=\"elementor-element elementor-element-023a554 elementor-widget elementor-widget-text-editor\" data-id=\"023a554\" data-element_type=\"widget\" data-widget_type=\"text-editor.default\">\n\t\t\t\t<div class=\"elementor-widget-container\">\n\t\t\t\t\t\t\t\t\t<p>Dieses Mal\u00a0organisierte die BVG\u00a0die Veranstaltung, bei der\u00a0sich Betreiber von Nah- und Fernverkehrsz\u00fcgen sowie Bus und Trambahnen aus der\u00a0DACH-Region\u00a0in Stuttgart trafen.<\/p><p>\u00a0<\/p><p>Es wurde die Weiterentwicklung des Obsoleszenzmanagement Portals f\u00fcr die Bahn diskutiert, sowie die m\u00f6gliche Zusammenarbeit mit der Industrie.<\/p><p>\u00a0<\/p><p>Thomas Jahnke\u00a0von der BVG er\u00f6ffnete das Betreibertreffen 2014.<\/p>\t\t\t\t\t\t\t\t<\/div>\n\t\t\t\t<\/div>\n\t\t\t\t\t<\/div>\n\t\t<\/div>\n\t\t\t\t\t<\/div>\n\t\t<\/section>\n\t\t\t\t<section class=\"elementor-section elementor-top-section elementor-element elementor-element-0154155 elementor-section-boxed elementor-section-height-default elementor-section-height-default\" data-id=\"0154155\" data-element_type=\"section\">\n\t\t\t\t\t\t<div class=\"elementor-container elementor-column-gap-default\">\n\t\t\t\t\t<div class=\"elementor-column elementor-col-50 elementor-top-column elementor-element elementor-element-d9d9bd6\" data-id=\"d9d9bd6\" data-element_type=\"column\">\n\t\t\t<div class=\"elementor-widget-wrap elementor-element-populated\">\n\t\t\t\t\t\t<div class=\"elementor-element elementor-element-772c3d8 elementor-widget elementor-widget-image\" data-id=\"772c3d8\" data-element_type=\"widget\" data-widget_type=\"image.default\">\n\t\t\t\t<div class=\"elementor-widget-container\">\n\t\t\t\t\t\t\t\t\t\t\t\t\t\t\t<img fetchpriority=\"high\" decoding=\"async\" width=\"394\" height=\"394\" src=\"https:\/\/www.obsolescence-management.net\/wp-content\/uploads\/Thomas-Jahnke-BVG.jpg\" class=\"attachment-large size-large wp-image-2882\" alt=\"Thomas Jahnke BVG\" style=\"width:100%;height:100%;max-width:394px\" \/>\t\t\t\t\t\t\t\t\t\t\t\t\t\t\t<\/div>\n\t\t\t\t<\/div>\n\t\t\t\t\t<\/div>\n\t\t<\/div>\n\t\t\t\t<div class=\"elementor-column elementor-col-50 elementor-top-column elementor-element elementor-element-6d69396\" data-id=\"6d69396\" data-element_type=\"column\">\n\t\t\t<div class=\"elementor-widget-wrap elementor-element-populated\">\n\t\t\t\t\t\t<div class=\"elementor-element elementor-element-2e45aac elementor-widget elementor-widget-text-editor\" data-id=\"2e45aac\" data-element_type=\"widget\" data-widget_type=\"text-editor.default\">\n\t\t\t\t<div class=\"elementor-widget-container\">\n\t\t\t\t\t\t\t\t\t<p>Alle Teilnehmer h\u00f6rten gespannt den interessanten Entwicklungen in den Bereichen Obsoleszenz Management im Bahnwesen.<\/p><p>\u00a0<\/p><p>Neue Funktionen wie z.B. die automatische Abk\u00fcndigung \u00fcber die Portalwebseite\u00a0mit einem eigenen Standard-Formular\u00a0wurden sehr begr\u00fc\u00dft.<\/p><p>\u00a0<\/p><p>Genauso positiv sahen die Mitglieder die M\u00f6glichkeit, \u00dcberbest\u00e4nde zu posten bzw. Unters\u00fctzung bei der Sonderbeschaffung via der\u00a0kostenlosen SHOP Funktion der Portal Webseite\u00a0zu nutzen.<\/p>\t\t\t\t\t\t\t\t<\/div>\n\t\t\t\t<\/div>\n\t\t\t\t\t<\/div>\n\t\t<\/div>\n\t\t\t\t\t<\/div>\n\t\t<\/section>\n\t\t\t\t<section class=\"elementor-section elementor-top-section elementor-element elementor-element-38390ff elementor-section-boxed elementor-section-height-default elementor-section-height-default\" data-id=\"38390ff\" data-element_type=\"section\">\n\t\t\t\t\t\t<div class=\"elementor-container elementor-column-gap-default\">\n\t\t\t\t\t<div class=\"elementor-column elementor-col-50 elementor-top-column elementor-element elementor-element-f79df04\" data-id=\"f79df04\" data-element_type=\"column\">\n\t\t\t<div class=\"elementor-widget-wrap elementor-element-populated\">\n\t\t\t\t\t\t<div class=\"elementor-element elementor-element-e102cca elementor-widget elementor-widget-text-editor\" data-id=\"e102cca\" data-element_type=\"widget\" data-widget_type=\"text-editor.default\">\n\t\t\t\t<div class=\"elementor-widget-container\">\n\t\t\t\t\t\t\t\t\t<p>Bj\u00f6rn Bartels\u00a0von der AMSYS GmbH stellte ebenfalls eine neues Frontend der Portalwebseite vor, welche das Arbeiten, Suchen, Kommunizieren und Auswerten noch einfacher erm\u00f6glicht.<\/p><p>\u00a0<\/p><p>Zum Abschluss wurden aktuelle Obsoleszenz-F\u00e4lle diskutiert und potentielle L\u00f6sungen angesprochen.<\/p><p>Das n\u00e4chste Treffen findet im ersten Quartal 2015 in Kassel statt.\u00a0<\/p><p>\u00a0<\/p><p>Der genaue Termin wird noch bekannt gegeben.<\/p>\t\t\t\t\t\t\t\t<\/div>\n\t\t\t\t<\/div>\n\t\t\t\t\t<\/div>\n\t\t<\/div>\n\t\t\t\t<div class=\"elementor-column elementor-col-50 elementor-top-column elementor-element elementor-element-9c3586a\" data-id=\"9c3586a\" data-element_type=\"column\">\n\t\t\t<div class=\"elementor-widget-wrap elementor-element-populated\">\n\t\t\t\t\t\t<div class=\"elementor-element elementor-element-2c4e428 elementor-widget elementor-widget-image\" data-id=\"2c4e428\" data-element_type=\"widget\" data-widget_type=\"image.default\">\n\t\t\t\t<div class=\"elementor-widget-container\">\n\t\t\t\t\t\t\t\t\t\t\t\t\t\t\t<img decoding=\"async\" width=\"225\" height=\"300\" src=\"https:\/\/www.obsolescence-management.net\/wp-content\/uploads\/Bjorn-Bartels-Betreibertreffen-225x300-1.jpg\" class=\"attachment-large size-large wp-image-2889\" alt=\"Bj\u00f6rn Bartels Betreibertreffen\" style=\"width:100%;height:133.33%;max-width:225px\" \/>\t\t\t\t\t\t\t\t\t\t\t\t\t\t\t<\/div>\n\t\t\t\t<\/div>\n\t\t\t\t\t<\/div>\n\t\t<\/div>\n\t\t\t\t\t<\/div>\n\t\t<\/section>\n\t\t\t\t<\/div>","protected":false},"excerpt":{"rendered":"<p>Dieses Mal organisierte die BVG die Veranstaltung, bei der sich Betreiber von Nah- und Fernverkehrsz\u00fcgen sowie Bus und Trambahnen aus der DACH-Region in Stuttgart trafen.<\/p>","protected":false},"author":2,"featured_media":2882,"comment_status":"closed","ping_status":"open","sticky":false,"template":"","format":"standard","meta":{"footnotes":""},"categories":[1],"tags":[],"class_list":["post-2093","post","type-post","status-publish","format-standard","has-post-thumbnail","hentry","category-uncategorized","entry"],"yoast_head":"<!-- This site is optimized with the Yoast SEO plugin v27.5 - https:\/\/yoast.com\/product\/yoast-seo-wordpress\/ -->\n<title>Betreibertreffen Stuttgart - Obsoleszenzmanagement Portal<\/title>\n<meta name=\"description\" content=\"Betreibertreffen Stuttgart Obsoleszenzmanagement\u00a0Portal: Mitglieder\u00a0treffen sich zum pers\u00f6nlichen\u00a0Austausch \u00fcber aktuelle Themen &amp; L\u00f6sungen\" \/>\n<meta name=\"robots\" content=\"index, follow, max-snippet:-1, max-image-preview:large, max-video-preview:-1\" \/>\n<link rel=\"canonical\" href=\"https:\/\/www.obsolescence-management.net\/en\/betreibertreffen-stuttgart-03-12\/\" \/>\n<meta property=\"og:locale\" content=\"en_US\" \/>\n<meta property=\"og:type\" content=\"article\" \/>\n<meta property=\"og:title\" content=\"Betreibertreffen Stuttgart - Obsoleszenzmanagement Portal\" \/>\n<meta property=\"og:description\" content=\"Betreibertreffen Stuttgart Obsoleszenzmanagement\u00a0Portal: Mitglieder\u00a0treffen sich zum pers\u00f6nlichen\u00a0Austausch \u00fcber aktuelle Themen &amp; L\u00f6sungen\" \/>\n<meta property=\"og:url\" content=\"https:\/\/www.obsolescence-management.net\/en\/betreibertreffen-stuttgart-03-12\/\" \/>\n<meta property=\"og:site_name\" content=\"Obsoleszenzmanagement Portal\" \/>\n<meta property=\"article:publisher\" content=\"https:\/\/www.facebook.com\/AMSYSGmbH\/\" \/>\n<meta property=\"article:published_time\" content=\"2014-12-05T16:48:00+00:00\" \/>\n<meta property=\"article:modified_time\" content=\"2021-09-24T09:22:54+00:00\" \/>\n<meta property=\"og:image\" content=\"https:\/\/www.obsolescence-management.net\/wp-content\/uploads\/Thomas-Jahnke-BVG.jpg\" \/>\n\t<meta property=\"og:image:width\" content=\"394\" \/>\n\t<meta property=\"og:image:height\" content=\"394\" \/>\n\t<meta property=\"og:image:type\" content=\"image\/jpeg\" \/>\n<meta name=\"author\" content=\"Bjoern Bartels\" \/>\n<meta name=\"twitter:card\" content=\"summary_large_image\" \/>\n<meta name=\"twitter:creator\" content=\"@obsolescencecom\" \/>\n<meta name=\"twitter:site\" content=\"@obsolescencecom\" \/>\n<meta name=\"twitter:label1\" content=\"Written by\" \/>\n\t<meta name=\"twitter:data1\" content=\"Bjoern Bartels\" \/>\n\t<meta name=\"twitter:label2\" content=\"Est. reading time\" \/>\n\t<meta name=\"twitter:data2\" content=\"2 minutes\" \/>\n<script type=\"application\/ld+json\" class=\"yoast-schema-graph\">{\"@context\":\"https:\\\/\\\/schema.org\",\"@graph\":[{\"@type\":\"Article\",\"@id\":\"https:\\\/\\\/www.obsolescence-management.net\\\/betreibertreffen-stuttgart-03-12\\\/#article\",\"isPartOf\":{\"@id\":\"https:\\\/\\\/www.obsolescence-management.net\\\/betreibertreffen-stuttgart-03-12\\\/\"},\"author\":{\"name\":\"Bjoern Bartels\",\"@id\":\"https:\\\/\\\/www.obsolescence-management.net\\\/#\\\/schema\\\/person\\\/3f509d069ed44605bcc7af428103c653\"},\"headline\":\"Betreibertreffen Stuttgart 03.12.2014\",\"datePublished\":\"2014-12-05T16:48:00+00:00\",\"dateModified\":\"2021-09-24T09:22:54+00:00\",\"mainEntityOfPage\":{\"@id\":\"https:\\\/\\\/www.obsolescence-management.net\\\/betreibertreffen-stuttgart-03-12\\\/\"},\"wordCount\":176,\"publisher\":{\"@id\":\"https:\\\/\\\/www.obsolescence-management.net\\\/#organization\"},\"image\":{\"@id\":\"https:\\\/\\\/www.obsolescence-management.net\\\/betreibertreffen-stuttgart-03-12\\\/#primaryimage\"},\"thumbnailUrl\":\"https:\\\/\\\/www.obsolescence-management.net\\\/wp-content\\\/uploads\\\/Thomas-Jahnke-BVG.jpg\",\"inLanguage\":\"en-US\"},{\"@type\":\"WebPage\",\"@id\":\"https:\\\/\\\/www.obsolescence-management.net\\\/betreibertreffen-stuttgart-03-12\\\/\",\"url\":\"https:\\\/\\\/www.obsolescence-management.net\\\/betreibertreffen-stuttgart-03-12\\\/\",\"name\":\"Betreibertreffen Stuttgart - Obsoleszenzmanagement Portal\",\"isPartOf\":{\"@id\":\"https:\\\/\\\/www.obsolescence-management.net\\\/#website\"},\"primaryImageOfPage\":{\"@id\":\"https:\\\/\\\/www.obsolescence-management.net\\\/betreibertreffen-stuttgart-03-12\\\/#primaryimage\"},\"image\":{\"@id\":\"https:\\\/\\\/www.obsolescence-management.net\\\/betreibertreffen-stuttgart-03-12\\\/#primaryimage\"},\"thumbnailUrl\":\"https:\\\/\\\/www.obsolescence-management.net\\\/wp-content\\\/uploads\\\/Thomas-Jahnke-BVG.jpg\",\"datePublished\":\"2014-12-05T16:48:00+00:00\",\"dateModified\":\"2021-09-24T09:22:54+00:00\",\"description\":\"Betreibertreffen Stuttgart Obsoleszenzmanagement\u00a0Portal: Mitglieder\u00a0treffen sich zum pers\u00f6nlichen\u00a0Austausch \u00fcber aktuelle Themen & L\u00f6sungen\",\"breadcrumb\":{\"@id\":\"https:\\\/\\\/www.obsolescence-management.net\\\/betreibertreffen-stuttgart-03-12\\\/#breadcrumb\"},\"inLanguage\":\"en-US\",\"potentialAction\":[{\"@type\":\"ReadAction\",\"target\":[\"https:\\\/\\\/www.obsolescence-management.net\\\/betreibertreffen-stuttgart-03-12\\\/\"]}]},{\"@type\":\"ImageObject\",\"inLanguage\":\"en-US\",\"@id\":\"https:\\\/\\\/www.obsolescence-management.net\\\/betreibertreffen-stuttgart-03-12\\\/#primaryimage\",\"url\":\"https:\\\/\\\/www.obsolescence-management.net\\\/wp-content\\\/uploads\\\/Thomas-Jahnke-BVG.jpg\",\"contentUrl\":\"https:\\\/\\\/www.obsolescence-management.net\\\/wp-content\\\/uploads\\\/Thomas-Jahnke-BVG.jpg\",\"width\":394,\"height\":394,\"caption\":\"Thomas Jahnke BVG\"},{\"@type\":\"BreadcrumbList\",\"@id\":\"https:\\\/\\\/www.obsolescence-management.net\\\/betreibertreffen-stuttgart-03-12\\\/#breadcrumb\",\"itemListElement\":[{\"@type\":\"ListItem\",\"position\":1,\"name\":\"Home\",\"item\":\"https:\\\/\\\/www.obsolescence-management.net\\\/\"},{\"@type\":\"ListItem\",\"position\":2,\"name\":\"Betreibertreffen Stuttgart 03.12.2014\"}]},{\"@type\":\"WebSite\",\"@id\":\"https:\\\/\\\/www.obsolescence-management.net\\\/#website\",\"url\":\"https:\\\/\\\/www.obsolescence-management.net\\\/\",\"name\":\"Obsoleszenzmanagement Portal\",\"description\":\"Obsoleszenz und Ersatzteile\",\"publisher\":{\"@id\":\"https:\\\/\\\/www.obsolescence-management.net\\\/#organization\"},\"potentialAction\":[{\"@type\":\"SearchAction\",\"target\":{\"@type\":\"EntryPoint\",\"urlTemplate\":\"https:\\\/\\\/www.obsolescence-management.net\\\/?s={search_term_string}\"},\"query-input\":{\"@type\":\"PropertyValueSpecification\",\"valueRequired\":true,\"valueName\":\"search_term_string\"}}],\"inLanguage\":\"en-US\"},{\"@type\":\"Organization\",\"@id\":\"https:\\\/\\\/www.obsolescence-management.net\\\/#organization\",\"name\":\"Obsoleszenzmanagement Portal - AMSYS GmbH\",\"url\":\"https:\\\/\\\/www.obsolescence-management.net\\\/\",\"logo\":{\"@type\":\"ImageObject\",\"inLanguage\":\"en-US\",\"@id\":\"https:\\\/\\\/www.obsolescence-management.net\\\/#\\\/schema\\\/logo\\\/image\\\/\",\"url\":\"https:\\\/\\\/www.obsolescence-management.net\\\/wp-content\\\/uploads\\\/om-portal-logo-rgb.png\",\"contentUrl\":\"https:\\\/\\\/www.obsolescence-management.net\\\/wp-content\\\/uploads\\\/om-portal-logo-rgb.png\",\"width\":824,\"height\":461,\"caption\":\"Obsoleszenzmanagement Portal - AMSYS GmbH\"},\"image\":{\"@id\":\"https:\\\/\\\/www.obsolescence-management.net\\\/#\\\/schema\\\/logo\\\/image\\\/\"},\"sameAs\":[\"https:\\\/\\\/www.facebook.com\\\/AMSYSGmbH\\\/\",\"https:\\\/\\\/x.com\\\/obsolescencecom\",\"https:\\\/\\\/www.instagram.com\\\/amsysgmbh\\\/\",\"https:\\\/\\\/de.linkedin.com\\\/company\\\/amsys-gmbh---applicable-management-systems\",\"https:\\\/\\\/www.youtube.com\\\/channel\\\/UCjRYf7VvqIXjGVnNfJOvJIw\"]},{\"@type\":\"Person\",\"@id\":\"https:\\\/\\\/www.obsolescence-management.net\\\/#\\\/schema\\\/person\\\/3f509d069ed44605bcc7af428103c653\",\"name\":\"Bjoern Bartels\"}]}<\/script>\n<!-- \/ Yoast SEO plugin. -->","yoast_head_json":{"title":"Betreibertreffen Stuttgart - Obsoleszenzmanagement Portal","description":"Betreibertreffen Stuttgart Obsoleszenzmanagement\u00a0Portal: Mitglieder\u00a0treffen sich zum pers\u00f6nlichen\u00a0Austausch \u00fcber aktuelle Themen & L\u00f6sungen","robots":{"index":"index","follow":"follow","max-snippet":"max-snippet:-1","max-image-preview":"max-image-preview:large","max-video-preview":"max-video-preview:-1"},"canonical":"https:\/\/www.obsolescence-management.net\/en\/betreibertreffen-stuttgart-03-12\/","og_locale":"en_US","og_type":"article","og_title":"Betreibertreffen Stuttgart - Obsoleszenzmanagement Portal","og_description":"Betreibertreffen Stuttgart Obsoleszenzmanagement\u00a0Portal: Mitglieder\u00a0treffen sich zum pers\u00f6nlichen\u00a0Austausch \u00fcber aktuelle Themen & L\u00f6sungen","og_url":"https:\/\/www.obsolescence-management.net\/en\/betreibertreffen-stuttgart-03-12\/","og_site_name":"Obsoleszenzmanagement Portal","article_publisher":"https:\/\/www.facebook.com\/AMSYSGmbH\/","article_published_time":"2014-12-05T16:48:00+00:00","article_modified_time":"2021-09-24T09:22:54+00:00","og_image":[{"width":394,"height":394,"url":"https:\/\/www.obsolescence-management.net\/wp-content\/uploads\/Thomas-Jahnke-BVG.jpg","type":"image\/jpeg"}],"author":"Bjoern Bartels","twitter_card":"summary_large_image","twitter_creator":"@obsolescencecom","twitter_site":"@obsolescencecom","twitter_misc":{"Written by":"Bjoern Bartels","Est. reading time":"2 minutes"},"schema":{"@context":"https:\/\/schema.org","@graph":[{"@type":"Article","@id":"https:\/\/www.obsolescence-management.net\/betreibertreffen-stuttgart-03-12\/#article","isPartOf":{"@id":"https:\/\/www.obsolescence-management.net\/betreibertreffen-stuttgart-03-12\/"},"author":{"name":"Bjoern Bartels","@id":"https:\/\/www.obsolescence-management.net\/#\/schema\/person\/3f509d069ed44605bcc7af428103c653"},"headline":"Betreibertreffen Stuttgart 03.12.2014","datePublished":"2014-12-05T16:48:00+00:00","dateModified":"2021-09-24T09:22:54+00:00","mainEntityOfPage":{"@id":"https:\/\/www.obsolescence-management.net\/betreibertreffen-stuttgart-03-12\/"},"wordCount":176,"publisher":{"@id":"https:\/\/www.obsolescence-management.net\/#organization"},"image":{"@id":"https:\/\/www.obsolescence-management.net\/betreibertreffen-stuttgart-03-12\/#primaryimage"},"thumbnailUrl":"https:\/\/www.obsolescence-management.net\/wp-content\/uploads\/Thomas-Jahnke-BVG.jpg","inLanguage":"en-US"},{"@type":"WebPage","@id":"https:\/\/www.obsolescence-management.net\/betreibertreffen-stuttgart-03-12\/","url":"https:\/\/www.obsolescence-management.net\/betreibertreffen-stuttgart-03-12\/","name":"Betreibertreffen Stuttgart - Obsoleszenzmanagement Portal","isPartOf":{"@id":"https:\/\/www.obsolescence-management.net\/#website"},"primaryImageOfPage":{"@id":"https:\/\/www.obsolescence-management.net\/betreibertreffen-stuttgart-03-12\/#primaryimage"},"image":{"@id":"https:\/\/www.obsolescence-management.net\/betreibertreffen-stuttgart-03-12\/#primaryimage"},"thumbnailUrl":"https:\/\/www.obsolescence-management.net\/wp-content\/uploads\/Thomas-Jahnke-BVG.jpg","datePublished":"2014-12-05T16:48:00+00:00","dateModified":"2021-09-24T09:22:54+00:00","description":"Betreibertreffen Stuttgart Obsoleszenzmanagement\u00a0Portal: Mitglieder\u00a0treffen sich zum pers\u00f6nlichen\u00a0Austausch \u00fcber aktuelle Themen & L\u00f6sungen","breadcrumb":{"@id":"https:\/\/www.obsolescence-management.net\/betreibertreffen-stuttgart-03-12\/#breadcrumb"},"inLanguage":"en-US","potentialAction":[{"@type":"ReadAction","target":["https:\/\/www.obsolescence-management.net\/betreibertreffen-stuttgart-03-12\/"]}]},{"@type":"ImageObject","inLanguage":"en-US","@id":"https:\/\/www.obsolescence-management.net\/betreibertreffen-stuttgart-03-12\/#primaryimage","url":"https:\/\/www.obsolescence-management.net\/wp-content\/uploads\/Thomas-Jahnke-BVG.jpg","contentUrl":"https:\/\/www.obsolescence-management.net\/wp-content\/uploads\/Thomas-Jahnke-BVG.jpg","width":394,"height":394,"caption":"Thomas Jahnke BVG"},{"@type":"BreadcrumbList","@id":"https:\/\/www.obsolescence-management.net\/betreibertreffen-stuttgart-03-12\/#breadcrumb","itemListElement":[{"@type":"ListItem","position":1,"name":"Home","item":"https:\/\/www.obsolescence-management.net\/"},{"@type":"ListItem","position":2,"name":"Betreibertreffen Stuttgart 03.12.2014"}]},{"@type":"WebSite","@id":"https:\/\/www.obsolescence-management.net\/#website","url":"https:\/\/www.obsolescence-management.net\/","name":"Obsolescence management portal","description":"Obsoleszenz und Ersatzteile","publisher":{"@id":"https:\/\/www.obsolescence-management.net\/#organization"},"potentialAction":[{"@type":"SearchAction","target":{"@type":"EntryPoint","urlTemplate":"https:\/\/www.obsolescence-management.net\/?s={search_term_string}"},"query-input":{"@type":"PropertyValueSpecification","valueRequired":true,"valueName":"search_term_string"}}],"inLanguage":"en-US"},{"@type":"Organization","@id":"https:\/\/www.obsolescence-management.net\/#organization","name":"Obsoleszenzmanagement Portal - AMSYS GmbH","url":"https:\/\/www.obsolescence-management.net\/","logo":{"@type":"ImageObject","inLanguage":"en-US","@id":"https:\/\/www.obsolescence-management.net\/#\/schema\/logo\/image\/","url":"https:\/\/www.obsolescence-management.net\/wp-content\/uploads\/om-portal-logo-rgb.png","contentUrl":"https:\/\/www.obsolescence-management.net\/wp-content\/uploads\/om-portal-logo-rgb.png","width":824,"height":461,"caption":"Obsoleszenzmanagement Portal - AMSYS GmbH"},"image":{"@id":"https:\/\/www.obsolescence-management.net\/#\/schema\/logo\/image\/"},"sameAs":["https:\/\/www.facebook.com\/AMSYSGmbH\/","https:\/\/x.com\/obsolescencecom","https:\/\/www.instagram.com\/amsysgmbh\/","https:\/\/de.linkedin.com\/company\/amsys-gmbh---applicable-management-systems","https:\/\/www.youtube.com\/channel\/UCjRYf7VvqIXjGVnNfJOvJIw"]},{"@type":"Person","@id":"https:\/\/www.obsolescence-management.net\/#\/schema\/person\/3f509d069ed44605bcc7af428103c653","name":"Bjoern Bartels"}]}},"_links":{"self":[{"href":"https:\/\/www.obsolescence-management.net\/en\/wp-json\/wp\/v2\/posts\/2093","targetHints":{"allow":["GET"]}}],"collection":[{"href":"https:\/\/www.obsolescence-management.net\/en\/wp-json\/wp\/v2\/posts"}],"about":[{"href":"https:\/\/www.obsolescence-management.net\/en\/wp-json\/wp\/v2\/types\/post"}],"author":[{"embeddable":true,"href":"https:\/\/www.obsolescence-management.net\/en\/wp-json\/wp\/v2\/users\/2"}],"replies":[{"embeddable":true,"href":"https:\/\/www.obsolescence-management.net\/en\/wp-json\/wp\/v2\/comments?post=2093"}],"version-history":[{"count":140,"href":"https:\/\/www.obsolescence-management.net\/en\/wp-json\/wp\/v2\/posts\/2093\/revisions"}],"predecessor-version":[{"id":4460,"href":"https:\/\/www.obsolescence-management.net\/en\/wp-json\/wp\/v2\/posts\/2093\/revisions\/4460"}],"wp:featuredmedia":[{"embeddable":true,"href":"https:\/\/www.obsolescence-management.net\/en\/wp-json\/wp\/v2\/media\/2882"}],"wp:attachment":[{"href":"https:\/\/www.obsolescence-management.net\/en\/wp-json\/wp\/v2\/media?parent=2093"}],"wp:term":[{"taxonomy":"category","embeddable":true,"href":"https:\/\/www.obsolescence-management.net\/en\/wp-json\/wp\/v2\/categories?post=2093"},{"taxonomy":"post_tag","embeddable":true,"href":"https:\/\/www.obsolescence-management.net\/en\/wp-json\/wp\/v2\/tags?post=2093"}],"curies":[{"name":"wp","href":"https:\/\/api.w.org\/{rel}","templated":true}]}}