{"id":2958,"date":"2015-06-24T07:24:04","date_gmt":"2015-06-24T07:24:04","guid":{"rendered":"http:\/\/78.46.253.167\/?p=2958"},"modified":"2021-09-24T11:17:44","modified_gmt":"2021-09-24T09:17:44","slug":"betreibertreffen-20-21-10-2015-bei-der-vag-nuernberg","status":"publish","type":"post","link":"https:\/\/www.obsolescence-management.net\/en\/betreibertreffen-20-21-10-2015-bei-der-vag-nuernberg\/","title":{"rendered":"Betreibertreffen bei VAG N\u00fcrnberg"},"content":{"rendered":"<div data-elementor-type=\"wp-post\" data-elementor-id=\"2958\" class=\"elementor elementor-2958\" data-elementor-post-type=\"post\">\n\t\t\t\t\t\t<section class=\"elementor-section elementor-top-section elementor-element elementor-element-3ea9c5f elementor-section-boxed elementor-section-height-default elementor-section-height-default\" data-id=\"3ea9c5f\" data-element_type=\"section\">\n\t\t\t\t\t\t<div class=\"elementor-container elementor-column-gap-default\">\n\t\t\t\t\t<div class=\"elementor-column elementor-col-100 elementor-top-column elementor-element elementor-element-5f870b7\" data-id=\"5f870b7\" data-element_type=\"column\">\n\t\t\t<div class=\"elementor-widget-wrap elementor-element-populated\">\n\t\t\t\t\t\t<div class=\"elementor-element elementor-element-85a8dfc elementor-widget elementor-widget-image\" data-id=\"85a8dfc\" data-element_type=\"widget\" data-widget_type=\"image.default\">\n\t\t\t\t<div class=\"elementor-widget-container\">\n\t\t\t\t\t\t\t\t\t\t\t\t\t\t\t<img fetchpriority=\"high\" decoding=\"async\" width=\"300\" height=\"300\" src=\"https:\/\/www.obsolescence-management.net\/wp-content\/uploads\/U-Bahn_VAG.jpg\" class=\"attachment-medium size-medium wp-image-2957\" alt=\"U-Bahn_VAG\" style=\"width:100%;height:100%;max-width:394px\" \/>\t\t\t\t\t\t\t\t\t\t\t\t\t\t\t<\/div>\n\t\t\t\t<\/div>\n\t\t\t\t\t<\/div>\n\t\t<\/div>\n\t\t\t\t\t<\/div>\n\t\t<\/section>\n\t\t\t\t<section class=\"elementor-section elementor-top-section elementor-element elementor-element-c7c8039 elementor-section-boxed elementor-section-height-default elementor-section-height-default\" data-id=\"c7c8039\" data-element_type=\"section\">\n\t\t\t\t\t\t<div class=\"elementor-container elementor-column-gap-default\">\n\t\t\t\t\t<div class=\"elementor-column elementor-col-100 elementor-top-column elementor-element elementor-element-9cee4fc\" data-id=\"9cee4fc\" data-element_type=\"column\">\n\t\t\t<div class=\"elementor-widget-wrap elementor-element-populated\">\n\t\t\t\t\t\t<div class=\"elementor-element elementor-element-4715de3 elementor-widget elementor-widget-text-editor\" data-id=\"4715de3\" data-element_type=\"widget\" data-widget_type=\"text-editor.default\">\n\t\t\t\t<div class=\"elementor-widget-container\">\n\t\t\t\t\t\t\t\t\t<p>Das n\u00e4chste Treffen findet am 20-21.10.2015 in N\u00fcrnberg in der U-Bahnwerkstatt der VAG statt.<\/p>\t\t\t\t\t\t\t\t<\/div>\n\t\t\t\t<\/div>\n\t\t\t\t\t<\/div>\n\t\t<\/div>\n\t\t\t\t\t<\/div>\n\t\t<\/section>\n\t\t\t\t<section class=\"elementor-section elementor-top-section elementor-element elementor-element-e91d826 elementor-section-boxed elementor-section-height-default elementor-section-height-default\" data-id=\"e91d826\" data-element_type=\"section\">\n\t\t\t\t\t\t<div class=\"elementor-container elementor-column-gap-default\">\n\t\t\t\t\t<div class=\"elementor-column elementor-col-100 elementor-top-column elementor-element elementor-element-9733e27\" data-id=\"9733e27\" data-element_type=\"column\">\n\t\t\t<div class=\"elementor-widget-wrap elementor-element-populated\">\n\t\t\t\t\t\t<div class=\"elementor-element elementor-element-d5603d5 elementor-widget elementor-widget-image\" data-id=\"d5603d5\" data-element_type=\"widget\" data-widget_type=\"image.default\">\n\t\t\t\t<div class=\"elementor-widget-container\">\n\t\t\t\t\t\t\t\t\t\t\t\t\t\t\t<img decoding=\"async\" width=\"250\" height=\"47\" src=\"https:\/\/www.obsolescence-management.net\/wp-content\/uploads\/2-VAG-obsoleszenz.png\" class=\"attachment-large size-large wp-image-2378\" alt=\"VAG N\u00fcrnberg Logo\" style=\"width:100%;height:18.8%;max-width:250px\" \/>\t\t\t\t\t\t\t\t\t\t\t\t\t\t\t<\/div>\n\t\t\t\t<\/div>\n\t\t\t\t<div class=\"elementor-element elementor-element-bfe3040 elementor-widget elementor-widget-button\" data-id=\"bfe3040\" data-element_type=\"widget\" data-widget_type=\"button.default\">\n\t\t\t\t<div class=\"elementor-widget-container\">\n\t\t\t\t\t\t\t\t\t<div class=\"elementor-button-wrapper\">\n\t\t\t\t\t<a class=\"elementor-button elementor-button-link elementor-size-sm\" href=\"https:\/\/www.obsolescence-management.net\/wp-content\/uploads\/Einladung-Anwendertagung_2015.pdf\" target=\"_blank\">\n\t\t\t\t\t\t<span class=\"elementor-button-content-wrapper\">\n\t\t\t\t\t\t\t\t\t<span class=\"elementor-button-text\">AGENDA<\/span>\n\t\t\t\t\t<\/span>\n\t\t\t\t\t<\/a>\n\t\t\t\t<\/div>\n\t\t\t\t\t\t\t\t<\/div>\n\t\t\t\t<\/div>\n\t\t\t\t\t<\/div>\n\t\t<\/div>\n\t\t\t\t\t<\/div>\n\t\t<\/section>\n\t\t\t\t<section class=\"elementor-section elementor-top-section elementor-element elementor-element-691698b elementor-section-boxed elementor-section-height-default elementor-section-height-default\" data-id=\"691698b\" data-element_type=\"section\">\n\t\t\t\t\t\t<div class=\"elementor-container elementor-column-gap-default\">\n\t\t\t\t\t<div class=\"elementor-column elementor-col-100 elementor-top-column elementor-element elementor-element-8d28b78\" data-id=\"8d28b78\" data-element_type=\"column\">\n\t\t\t<div class=\"elementor-widget-wrap elementor-element-populated\">\n\t\t\t\t\t\t<div class=\"elementor-element elementor-element-22381d8 elementor-widget elementor-widget-text-editor\" data-id=\"22381d8\" data-element_type=\"widget\" data-widget_type=\"text-editor.default\">\n\t\t\t\t<div class=\"elementor-widget-container\">\n\t\t\t\t\t\t\t\t\t<p>Geplanter Ablauf f\u00fcr 20.10.2015:<\/p>\t\t\t\t\t\t\t\t<\/div>\n\t\t\t\t<\/div>\n\t\t\t\t\t<\/div>\n\t\t<\/div>\n\t\t\t\t\t<\/div>\n\t\t<\/section>\n\t\t\t\t<section class=\"elementor-section elementor-top-section elementor-element elementor-element-caa706c elementor-section-boxed elementor-section-height-default elementor-section-height-default\" data-id=\"caa706c\" data-element_type=\"section\">\n\t\t\t\t\t\t<div class=\"elementor-container elementor-column-gap-default\">\n\t\t\t\t\t<div class=\"elementor-column elementor-col-100 elementor-top-column elementor-element elementor-element-f4ee811\" data-id=\"f4ee811\" data-element_type=\"column\">\n\t\t\t<div class=\"elementor-widget-wrap elementor-element-populated\">\n\t\t\t\t\t\t<div class=\"elementor-element elementor-element-07761e8 elementor-widget elementor-widget-image\" data-id=\"07761e8\" data-element_type=\"widget\" data-widget_type=\"image.default\">\n\t\t\t\t<div class=\"elementor-widget-container\">\n\t\t\t\t\t\t\t\t\t\t\t\t\t\t\t<img decoding=\"async\" width=\"750\" height=\"215\" src=\"https:\/\/www.obsolescence-management.net\/wp-content\/uploads\/Betreibertreffen-VAG-Nurnberg-Agenda-Rathenauplatz.jpg\" class=\"attachment-large size-large wp-image-2956\" alt=\"Betreibertreffen-VAG-N\u00fcrnberg-Agenda-Rathenauplatz\" style=\"width:100%;height:28.67%;max-width:1500px\" \/>\t\t\t\t\t\t\t\t\t\t\t\t\t\t\t<\/div>\n\t\t\t\t<\/div>\n\t\t\t\t\t<\/div>\n\t\t<\/div>\n\t\t\t\t\t<\/div>\n\t\t<\/section>\n\t\t\t\t<section class=\"elementor-section elementor-top-section elementor-element elementor-element-71e05c0 elementor-section-boxed elementor-section-height-default elementor-section-height-default\" data-id=\"71e05c0\" data-element_type=\"section\">\n\t\t\t\t\t\t<div class=\"elementor-container elementor-column-gap-default\">\n\t\t\t\t\t<div class=\"elementor-column elementor-col-100 elementor-top-column elementor-element elementor-element-e225a91\" data-id=\"e225a91\" data-element_type=\"column\">\n\t\t\t<div class=\"elementor-widget-wrap elementor-element-populated\">\n\t\t\t\t\t\t<div class=\"elementor-element elementor-element-413c99a elementor-widget elementor-widget-text-editor\" data-id=\"413c99a\" data-element_type=\"widget\" data-widget_type=\"text-editor.default\">\n\t\t\t\t<div class=\"elementor-widget-container\">\n\t\t\t\t\t\t\t\t\t<p>ab ca. 13:00 Uhr bis ca. 16:30 Uhr\u00a0Industriedialog mit ausgesuchten Systemlieferanten und Fahrzeugherstellern.\u00a0Wir erwarten spannende Vortr\u00e4ge zu \u00a0Themen wie\u00a0Softwareobsoleszenz, Praxisbeispiele\u00a0zur Bereinigung des SAP-Materialstammes,\u00a0Re-Engineering sowie\u00a0Simulation von Lebenszykluskosten, u.v.m<\/p><p>\u00a0<\/p><p>Abendveranstaltung\u00a020.10.2015:<\/p><p>Abgerundet wird der erste Tag (20.10.2015) mit einer\u00a0Abendveranstaltung\u00a0ab 19.00 Uhr\u00a0in einem\u00a0<a href=\"http:\/\/www.huettn-nuernberg.de\/kontakt\/anfahrt\/\" target=\"_blank\" rel=\"noopener\">Lokal<\/a>\u00a0in der N\u00fcrnberger Altstadt.<\/p>\t\t\t\t\t\t\t\t<\/div>\n\t\t\t\t<\/div>\n\t\t\t\t\t<\/div>\n\t\t<\/div>\n\t\t\t\t\t<\/div>\n\t\t<\/section>\n\t\t\t\t<section class=\"elementor-section elementor-top-section elementor-element elementor-element-cbab54d elementor-section-boxed elementor-section-height-default elementor-section-height-default\" data-id=\"cbab54d\" data-element_type=\"section\">\n\t\t\t\t\t\t<div class=\"elementor-container elementor-column-gap-default\">\n\t\t\t\t\t<div class=\"elementor-column elementor-col-100 elementor-top-column elementor-element elementor-element-3dd1316\" data-id=\"3dd1316\" data-element_type=\"column\">\n\t\t\t<div class=\"elementor-widget-wrap elementor-element-populated\">\n\t\t\t\t\t\t<div class=\"elementor-element elementor-element-5a20d75 elementor-widget elementor-widget-image\" data-id=\"5a20d75\" data-element_type=\"widget\" data-widget_type=\"image.default\">\n\t\t\t\t<div class=\"elementor-widget-container\">\n\t\t\t\t\t\t\t\t\t\t\t\t\t\t\t<img loading=\"lazy\" decoding=\"async\" width=\"750\" height=\"215\" src=\"https:\/\/www.obsolescence-management.net\/wp-content\/uploads\/Betreibertreffen-VAG-Nurnberg-Abendveranstaltung.jpg\" class=\"attachment-large size-large wp-image-2955\" alt=\"Betreibertreffen-VAG-N\u00fcrnberg-Abendveranstaltung\" style=\"width:100%;height:28.67%;max-width:1500px\" \/>\t\t\t\t\t\t\t\t\t\t\t\t\t\t\t<\/div>\n\t\t\t\t<\/div>\n\t\t\t\t\t<\/div>\n\t\t<\/div>\n\t\t\t\t\t<\/div>\n\t\t<\/section>\n\t\t\t\t<section class=\"elementor-section elementor-top-section elementor-element elementor-element-5caf4c6 elementor-section-boxed elementor-section-height-default elementor-section-height-default\" data-id=\"5caf4c6\" data-element_type=\"section\">\n\t\t\t\t\t\t<div class=\"elementor-container elementor-column-gap-default\">\n\t\t\t\t\t<div class=\"elementor-column elementor-col-100 elementor-top-column elementor-element elementor-element-105d52b\" data-id=\"105d52b\" data-element_type=\"column\">\n\t\t\t<div class=\"elementor-widget-wrap elementor-element-populated\">\n\t\t\t\t\t\t<div class=\"elementor-element elementor-element-3c0d24e elementor-widget elementor-widget-text-editor\" data-id=\"3c0d24e\" data-element_type=\"widget\" data-widget_type=\"text-editor.default\">\n\t\t\t\t<div class=\"elementor-widget-container\">\n\t\t\t\t\t\t\t\t\t<p>Bei einem gem\u00fctlichen Zusammensetzen und fr\u00e4nkischen Spezialit\u00e4ten k\u00f6nnen hier neue Kontakte und Freundschaften gekn\u00fcpft werden.<\/p><p>\u00a0<\/p><p>Wir bitten um rechtzeitige\u00a0Anmeldung!\u00a0(max. 20 Teilnehmer und Selbstzahler)<\/p><p>\u00a0<\/p><p>Geplanter Ablauf f\u00fcr 21.10.2015:<\/p>\t\t\t\t\t\t\t\t<\/div>\n\t\t\t\t<\/div>\n\t\t\t\t\t<\/div>\n\t\t<\/div>\n\t\t\t\t\t<\/div>\n\t\t<\/section>\n\t\t\t\t<section class=\"elementor-section elementor-top-section elementor-element elementor-element-c22375d elementor-section-boxed elementor-section-height-default elementor-section-height-default\" data-id=\"c22375d\" data-element_type=\"section\">\n\t\t\t\t\t\t<div class=\"elementor-container elementor-column-gap-default\">\n\t\t\t\t\t<div class=\"elementor-column elementor-col-100 elementor-top-column elementor-element elementor-element-0f0f8fe\" data-id=\"0f0f8fe\" data-element_type=\"column\">\n\t\t\t<div class=\"elementor-widget-wrap elementor-element-populated\">\n\t\t\t\t\t\t<div class=\"elementor-element elementor-element-2e2c73c elementor-widget elementor-widget-image\" data-id=\"2e2c73c\" data-element_type=\"widget\" data-widget_type=\"image.default\">\n\t\t\t\t<div class=\"elementor-widget-container\">\n\t\t\t\t\t\t\t\t\t\t\t\t\t\t\t<img loading=\"lazy\" decoding=\"async\" width=\"750\" height=\"215\" src=\"https:\/\/www.obsolescence-management.net\/wp-content\/uploads\/2014\/12\/Erstes-Betreibertreffen-gros-1024x294.jpg\" class=\"attachment-large size-large wp-image-2855\" alt=\"Obsoleszenzmanagement Portal Treffen\" srcset=\"https:\/\/www.obsolescence-management.net\/wp-content\/uploads\/2014\/12\/Erstes-Betreibertreffen-gros-1024x294.jpg 1024w, https:\/\/www.obsolescence-management.net\/wp-content\/uploads\/2014\/12\/Erstes-Betreibertreffen-gros-300x86.jpg 300w, https:\/\/www.obsolescence-management.net\/wp-content\/uploads\/2014\/12\/Erstes-Betreibertreffen-gros-768x220.jpg 768w, https:\/\/www.obsolescence-management.net\/wp-content\/uploads\/2014\/12\/Erstes-Betreibertreffen-gros-16x5.jpg 16w, https:\/\/www.obsolescence-management.net\/wp-content\/uploads\/2014\/12\/Erstes-Betreibertreffen-gros.jpg 1500w\" sizes=\"(max-width: 750px) 100vw, 750px\" style=\"width:100%;height:28.67%;max-width:1500px\" \/>\t\t\t\t\t\t\t\t\t\t\t\t\t\t\t<\/div>\n\t\t\t\t<\/div>\n\t\t\t\t\t<\/div>\n\t\t<\/div>\n\t\t\t\t\t<\/div>\n\t\t<\/section>\n\t\t\t\t<section class=\"elementor-section elementor-top-section elementor-element elementor-element-1594690 elementor-section-boxed elementor-section-height-default elementor-section-height-default\" data-id=\"1594690\" data-element_type=\"section\">\n\t\t\t\t\t\t<div class=\"elementor-container elementor-column-gap-default\">\n\t\t\t\t\t<div class=\"elementor-column elementor-col-100 elementor-top-column elementor-element elementor-element-0457386\" data-id=\"0457386\" data-element_type=\"column\">\n\t\t\t<div class=\"elementor-widget-wrap elementor-element-populated\">\n\t\t\t\t\t\t<div class=\"elementor-element elementor-element-10ac880 elementor-widget elementor-widget-text-editor\" data-id=\"10ac880\" data-element_type=\"widget\" data-widget_type=\"text-editor.default\">\n\t\t\t\t<div class=\"elementor-widget-container\">\n\t\t\t\t\t\t\t\t\t<p>ab ca. 09:00 bis ca. 13:00 Uhr OM Portal Betreibertreffen mit interessanten Beitr\u00e4gen zu den Themen:<\/p><p>\u00a0<\/p><ul><li>Obsoleszenzmanagement &amp;\u00a0Ersatzteilversorgung<\/li><li>OM Best Practice &amp; alternative Hersteller<\/li><li>Shopfunktion &amp; Sonderbeschaffung<\/li><li>aktuelle F\u00e4lle<\/li><li>weiteres Vorgehen Mitglieder werben Mitglieder<\/li><li>inkl. gemeinsames Mittagessen bei der VAG<\/li><\/ul><p>\u00a0<\/p><p>F\u00fcr\u00a0\u00dcbernachtungszwecke\u00a0werden wir ein Zimmerkontingent (Selbstzahler) f\u00fcr Sie reservieren.<\/p><p>\u00a0<\/p><p>HOTEL RESERVIERUNG<\/p><p>\u00a0<\/p><p>Sie k\u00f6nnen ein Zimmer unter dem Stichwort \u201eAMSYS\u201c bis sp\u00e4testens zum 30.09.2015 im Novotel N\u00fcrnberg Messe abrufen!<\/p><p>\u00a0<\/p><p>Bitte beachten Sie folgende Rechnungs- und Stornierungsoptionen!<\/p><p>(Zimmerpreis 115,00 Euro zzgl.\u00a0Fr\u00fchst\u00fcck).<\/p><p>\u00a0<\/p><p>Novotel N\u00fcrnberg am Messezentrum | M\u00fcnchener Str. 340 | D-90471 N\u00fcrnberg<\/p><p>Tel.:+49 911 8126-138 | Fax.:+49 911 8126-137<\/p><p>h0498-re@accor.com<\/p><p>\u00a0<\/p><p>Wir freuen uns auf Ihre Anmeldung bis sp\u00e4testens zum\u00a014.10.2015.<\/p>\t\t\t\t\t\t\t\t<\/div>\n\t\t\t\t<\/div>\n\t\t\t\t\t<\/div>\n\t\t<\/div>\n\t\t\t\t\t<\/div>\n\t\t<\/section>\n\t\t\t\t<section class=\"elementor-section elementor-top-section elementor-element elementor-element-bfbcdb5 elementor-section-boxed elementor-section-height-default elementor-section-height-default\" data-id=\"bfbcdb5\" data-element_type=\"section\">\n\t\t\t\t\t\t<div class=\"elementor-container elementor-column-gap-default\">\n\t\t\t\t\t<div class=\"elementor-column elementor-col-100 elementor-top-column elementor-element elementor-element-732893b\" data-id=\"732893b\" data-element_type=\"column\">\n\t\t\t<div class=\"elementor-widget-wrap elementor-element-populated\">\n\t\t\t\t\t\t<div class=\"elementor-element elementor-element-ad7924c elementor-widget elementor-widget-text-editor\" data-id=\"ad7924c\" data-element_type=\"widget\" data-widget_type=\"text-editor.default\">\n\t\t\t\t<div class=\"elementor-widget-container\">\n\t\t\t\t\t\t\t\t\t<p>Ihre OM Portal Community<\/p><p>\u00a0<\/p><p>PS.: Die Einladung\u00a0im pdf-Format k\u00f6nnen Sie hier herunterladen\u00a0(<a href=\"https:\/\/www.obsolescence-management.net\/wp-content\/uploads\/Einladung-1.pdf\" target=\"_blank\" rel=\"noopener\">Einladung\u00a020.-21.10.2015<\/a>)\u00a0und gerne auch an Kollegen\u00a0oder weitere interessierte Verkehrsunternehmen\u00a0weiterleiten.<\/p>\t\t\t\t\t\t\t\t<\/div>\n\t\t\t\t<\/div>\n\t\t\t\t\t<\/div>\n\t\t<\/div>\n\t\t\t\t\t<\/div>\n\t\t<\/section>\n\t\t\t\t<\/div>","protected":false},"excerpt":{"rendered":"<p>Am 20.-21. Oktober 2015 findet das n\u00e4chste Betreibertreffen bei der VAG U-Bahnwerkstatt in N\u00fcrnberg statt.<\/p>","protected":false},"author":3,"featured_media":2957,"comment_status":"closed","ping_status":"open","sticky":false,"template":"","format":"standard","meta":{"footnotes":""},"categories":[1],"tags":[],"class_list":["post-2958","post","type-post","status-publish","format-standard","has-post-thumbnail","hentry","category-uncategorized","entry"],"yoast_head":"<!-- This site is optimized with the Yoast SEO plugin v27.5 - https:\/\/yoast.com\/product\/yoast-seo-wordpress\/ -->\n<title>Betreibertreffen bei VAG - Obsoleszenzmanagement Portal<\/title>\n<meta name=\"description\" content=\"Obsoleszenzmanagement Portal Betreibertreffen mit interessanten Beitr\u00e4gen zu den Themen: Obsoleszenzmanagement &amp;\u00a0Ersatzteilversorgung\" \/>\n<meta name=\"robots\" content=\"index, follow, max-snippet:-1, max-image-preview:large, max-video-preview:-1\" \/>\n<link rel=\"canonical\" href=\"https:\/\/www.obsolescence-management.net\/en\/betreibertreffen-20-21-10-2015-bei-der-vag-nuernberg\/\" \/>\n<meta property=\"og:locale\" content=\"en_US\" \/>\n<meta property=\"og:type\" content=\"article\" \/>\n<meta property=\"og:title\" content=\"Betreibertreffen bei VAG - Obsoleszenzmanagement Portal\" \/>\n<meta property=\"og:description\" content=\"Obsoleszenzmanagement Portal Betreibertreffen mit interessanten Beitr\u00e4gen zu den Themen: Obsoleszenzmanagement &amp;\u00a0Ersatzteilversorgung\" \/>\n<meta property=\"og:url\" content=\"https:\/\/www.obsolescence-management.net\/en\/betreibertreffen-20-21-10-2015-bei-der-vag-nuernberg\/\" \/>\n<meta property=\"og:site_name\" content=\"Obsoleszenzmanagement Portal\" \/>\n<meta property=\"article:publisher\" content=\"https:\/\/www.facebook.com\/AMSYSGmbH\/\" \/>\n<meta property=\"article:published_time\" content=\"2015-06-24T07:24:04+00:00\" \/>\n<meta property=\"article:modified_time\" content=\"2021-09-24T09:17:44+00:00\" \/>\n<meta property=\"og:image\" content=\"https:\/\/www.obsolescence-management.net\/wp-content\/uploads\/U-Bahn_VAG.jpg\" \/>\n\t<meta property=\"og:image:width\" content=\"394\" \/>\n\t<meta property=\"og:image:height\" content=\"394\" \/>\n\t<meta property=\"og:image:type\" content=\"image\/jpeg\" \/>\n<meta name=\"author\" content=\"Christina Merkl\" \/>\n<meta name=\"twitter:card\" content=\"summary_large_image\" \/>\n<meta name=\"twitter:creator\" content=\"@obsolescencecom\" \/>\n<meta name=\"twitter:site\" content=\"@obsolescencecom\" \/>\n<meta name=\"twitter:label1\" content=\"Written by\" \/>\n\t<meta name=\"twitter:data1\" content=\"Christina Merkl\" \/>\n\t<meta name=\"twitter:label2\" content=\"Est. reading time\" \/>\n\t<meta name=\"twitter:data2\" content=\"2 minutes\" \/>\n<script type=\"application\/ld+json\" class=\"yoast-schema-graph\">{\"@context\":\"https:\\\/\\\/schema.org\",\"@graph\":[{\"@type\":\"Article\",\"@id\":\"https:\\\/\\\/www.obsolescence-management.net\\\/betreibertreffen-20-21-10-2015-bei-der-vag-nuernberg\\\/#article\",\"isPartOf\":{\"@id\":\"https:\\\/\\\/www.obsolescence-management.net\\\/betreibertreffen-20-21-10-2015-bei-der-vag-nuernberg\\\/\"},\"author\":{\"name\":\"Christina Merkl\",\"@id\":\"https:\\\/\\\/www.obsolescence-management.net\\\/#\\\/schema\\\/person\\\/89de8763d896f953cc70c81fd5e288a8\"},\"headline\":\"Betreibertreffen bei VAG N\u00fcrnberg\",\"datePublished\":\"2015-06-24T07:24:04+00:00\",\"dateModified\":\"2021-09-24T09:17:44+00:00\",\"mainEntityOfPage\":{\"@id\":\"https:\\\/\\\/www.obsolescence-management.net\\\/betreibertreffen-20-21-10-2015-bei-der-vag-nuernberg\\\/\"},\"wordCount\":254,\"publisher\":{\"@id\":\"https:\\\/\\\/www.obsolescence-management.net\\\/#organization\"},\"image\":{\"@id\":\"https:\\\/\\\/www.obsolescence-management.net\\\/betreibertreffen-20-21-10-2015-bei-der-vag-nuernberg\\\/#primaryimage\"},\"thumbnailUrl\":\"https:\\\/\\\/www.obsolescence-management.net\\\/wp-content\\\/uploads\\\/U-Bahn_VAG.jpg\",\"inLanguage\":\"en-US\"},{\"@type\":\"WebPage\",\"@id\":\"https:\\\/\\\/www.obsolescence-management.net\\\/betreibertreffen-20-21-10-2015-bei-der-vag-nuernberg\\\/\",\"url\":\"https:\\\/\\\/www.obsolescence-management.net\\\/betreibertreffen-20-21-10-2015-bei-der-vag-nuernberg\\\/\",\"name\":\"Betreibertreffen bei VAG - Obsoleszenzmanagement Portal\",\"isPartOf\":{\"@id\":\"https:\\\/\\\/www.obsolescence-management.net\\\/#website\"},\"primaryImageOfPage\":{\"@id\":\"https:\\\/\\\/www.obsolescence-management.net\\\/betreibertreffen-20-21-10-2015-bei-der-vag-nuernberg\\\/#primaryimage\"},\"image\":{\"@id\":\"https:\\\/\\\/www.obsolescence-management.net\\\/betreibertreffen-20-21-10-2015-bei-der-vag-nuernberg\\\/#primaryimage\"},\"thumbnailUrl\":\"https:\\\/\\\/www.obsolescence-management.net\\\/wp-content\\\/uploads\\\/U-Bahn_VAG.jpg\",\"datePublished\":\"2015-06-24T07:24:04+00:00\",\"dateModified\":\"2021-09-24T09:17:44+00:00\",\"description\":\"Obsoleszenzmanagement Portal Betreibertreffen mit interessanten Beitr\u00e4gen zu den Themen: Obsoleszenzmanagement &\u00a0Ersatzteilversorgung\",\"breadcrumb\":{\"@id\":\"https:\\\/\\\/www.obsolescence-management.net\\\/betreibertreffen-20-21-10-2015-bei-der-vag-nuernberg\\\/#breadcrumb\"},\"inLanguage\":\"en-US\",\"potentialAction\":[{\"@type\":\"ReadAction\",\"target\":[\"https:\\\/\\\/www.obsolescence-management.net\\\/betreibertreffen-20-21-10-2015-bei-der-vag-nuernberg\\\/\"]}]},{\"@type\":\"ImageObject\",\"inLanguage\":\"en-US\",\"@id\":\"https:\\\/\\\/www.obsolescence-management.net\\\/betreibertreffen-20-21-10-2015-bei-der-vag-nuernberg\\\/#primaryimage\",\"url\":\"https:\\\/\\\/www.obsolescence-management.net\\\/wp-content\\\/uploads\\\/U-Bahn_VAG.jpg\",\"contentUrl\":\"https:\\\/\\\/www.obsolescence-management.net\\\/wp-content\\\/uploads\\\/U-Bahn_VAG.jpg\",\"width\":394,\"height\":394,\"caption\":\"U-Bahn_VAG\"},{\"@type\":\"BreadcrumbList\",\"@id\":\"https:\\\/\\\/www.obsolescence-management.net\\\/betreibertreffen-20-21-10-2015-bei-der-vag-nuernberg\\\/#breadcrumb\",\"itemListElement\":[{\"@type\":\"ListItem\",\"position\":1,\"name\":\"Home\",\"item\":\"https:\\\/\\\/www.obsolescence-management.net\\\/\"},{\"@type\":\"ListItem\",\"position\":2,\"name\":\"Betreibertreffen bei VAG N\u00fcrnberg\"}]},{\"@type\":\"WebSite\",\"@id\":\"https:\\\/\\\/www.obsolescence-management.net\\\/#website\",\"url\":\"https:\\\/\\\/www.obsolescence-management.net\\\/\",\"name\":\"Obsoleszenzmanagement Portal\",\"description\":\"Obsoleszenz und Ersatzteile\",\"publisher\":{\"@id\":\"https:\\\/\\\/www.obsolescence-management.net\\\/#organization\"},\"potentialAction\":[{\"@type\":\"SearchAction\",\"target\":{\"@type\":\"EntryPoint\",\"urlTemplate\":\"https:\\\/\\\/www.obsolescence-management.net\\\/?s={search_term_string}\"},\"query-input\":{\"@type\":\"PropertyValueSpecification\",\"valueRequired\":true,\"valueName\":\"search_term_string\"}}],\"inLanguage\":\"en-US\"},{\"@type\":\"Organization\",\"@id\":\"https:\\\/\\\/www.obsolescence-management.net\\\/#organization\",\"name\":\"Obsoleszenzmanagement Portal - AMSYS GmbH\",\"url\":\"https:\\\/\\\/www.obsolescence-management.net\\\/\",\"logo\":{\"@type\":\"ImageObject\",\"inLanguage\":\"en-US\",\"@id\":\"https:\\\/\\\/www.obsolescence-management.net\\\/#\\\/schema\\\/logo\\\/image\\\/\",\"url\":\"https:\\\/\\\/www.obsolescence-management.net\\\/wp-content\\\/uploads\\\/om-portal-logo-rgb.png\",\"contentUrl\":\"https:\\\/\\\/www.obsolescence-management.net\\\/wp-content\\\/uploads\\\/om-portal-logo-rgb.png\",\"width\":824,\"height\":461,\"caption\":\"Obsoleszenzmanagement Portal - AMSYS GmbH\"},\"image\":{\"@id\":\"https:\\\/\\\/www.obsolescence-management.net\\\/#\\\/schema\\\/logo\\\/image\\\/\"},\"sameAs\":[\"https:\\\/\\\/www.facebook.com\\\/AMSYSGmbH\\\/\",\"https:\\\/\\\/x.com\\\/obsolescencecom\",\"https:\\\/\\\/www.instagram.com\\\/amsysgmbh\\\/\",\"https:\\\/\\\/de.linkedin.com\\\/company\\\/amsys-gmbh---applicable-management-systems\",\"https:\\\/\\\/www.youtube.com\\\/channel\\\/UCjRYf7VvqIXjGVnNfJOvJIw\"]},{\"@type\":\"Person\",\"@id\":\"https:\\\/\\\/www.obsolescence-management.net\\\/#\\\/schema\\\/person\\\/89de8763d896f953cc70c81fd5e288a8\",\"name\":\"Christina Merkl\"}]}<\/script>\n<!-- \/ Yoast SEO plugin. -->","yoast_head_json":{"title":"Betreibertreffen bei VAG - Obsoleszenzmanagement Portal","description":"Obsoleszenzmanagement Portal Betreibertreffen mit interessanten Beitr\u00e4gen zu den Themen: Obsoleszenzmanagement &\u00a0Ersatzteilversorgung","robots":{"index":"index","follow":"follow","max-snippet":"max-snippet:-1","max-image-preview":"max-image-preview:large","max-video-preview":"max-video-preview:-1"},"canonical":"https:\/\/www.obsolescence-management.net\/en\/betreibertreffen-20-21-10-2015-bei-der-vag-nuernberg\/","og_locale":"en_US","og_type":"article","og_title":"Betreibertreffen bei VAG - Obsoleszenzmanagement Portal","og_description":"Obsoleszenzmanagement Portal Betreibertreffen mit interessanten Beitr\u00e4gen zu den Themen: Obsoleszenzmanagement &\u00a0Ersatzteilversorgung","og_url":"https:\/\/www.obsolescence-management.net\/en\/betreibertreffen-20-21-10-2015-bei-der-vag-nuernberg\/","og_site_name":"Obsoleszenzmanagement Portal","article_publisher":"https:\/\/www.facebook.com\/AMSYSGmbH\/","article_published_time":"2015-06-24T07:24:04+00:00","article_modified_time":"2021-09-24T09:17:44+00:00","og_image":[{"width":394,"height":394,"url":"https:\/\/www.obsolescence-management.net\/wp-content\/uploads\/U-Bahn_VAG.jpg","type":"image\/jpeg"}],"author":"Christina Merkl","twitter_card":"summary_large_image","twitter_creator":"@obsolescencecom","twitter_site":"@obsolescencecom","twitter_misc":{"Written by":"Christina Merkl","Est. reading time":"2 minutes"},"schema":{"@context":"https:\/\/schema.org","@graph":[{"@type":"Article","@id":"https:\/\/www.obsolescence-management.net\/betreibertreffen-20-21-10-2015-bei-der-vag-nuernberg\/#article","isPartOf":{"@id":"https:\/\/www.obsolescence-management.net\/betreibertreffen-20-21-10-2015-bei-der-vag-nuernberg\/"},"author":{"name":"Christina Merkl","@id":"https:\/\/www.obsolescence-management.net\/#\/schema\/person\/89de8763d896f953cc70c81fd5e288a8"},"headline":"Betreibertreffen bei VAG N\u00fcrnberg","datePublished":"2015-06-24T07:24:04+00:00","dateModified":"2021-09-24T09:17:44+00:00","mainEntityOfPage":{"@id":"https:\/\/www.obsolescence-management.net\/betreibertreffen-20-21-10-2015-bei-der-vag-nuernberg\/"},"wordCount":254,"publisher":{"@id":"https:\/\/www.obsolescence-management.net\/#organization"},"image":{"@id":"https:\/\/www.obsolescence-management.net\/betreibertreffen-20-21-10-2015-bei-der-vag-nuernberg\/#primaryimage"},"thumbnailUrl":"https:\/\/www.obsolescence-management.net\/wp-content\/uploads\/U-Bahn_VAG.jpg","inLanguage":"en-US"},{"@type":"WebPage","@id":"https:\/\/www.obsolescence-management.net\/betreibertreffen-20-21-10-2015-bei-der-vag-nuernberg\/","url":"https:\/\/www.obsolescence-management.net\/betreibertreffen-20-21-10-2015-bei-der-vag-nuernberg\/","name":"Betreibertreffen bei VAG - Obsoleszenzmanagement Portal","isPartOf":{"@id":"https:\/\/www.obsolescence-management.net\/#website"},"primaryImageOfPage":{"@id":"https:\/\/www.obsolescence-management.net\/betreibertreffen-20-21-10-2015-bei-der-vag-nuernberg\/#primaryimage"},"image":{"@id":"https:\/\/www.obsolescence-management.net\/betreibertreffen-20-21-10-2015-bei-der-vag-nuernberg\/#primaryimage"},"thumbnailUrl":"https:\/\/www.obsolescence-management.net\/wp-content\/uploads\/U-Bahn_VAG.jpg","datePublished":"2015-06-24T07:24:04+00:00","dateModified":"2021-09-24T09:17:44+00:00","description":"Obsoleszenzmanagement Portal Betreibertreffen mit interessanten Beitr\u00e4gen zu den Themen: Obsoleszenzmanagement &\u00a0Ersatzteilversorgung","breadcrumb":{"@id":"https:\/\/www.obsolescence-management.net\/betreibertreffen-20-21-10-2015-bei-der-vag-nuernberg\/#breadcrumb"},"inLanguage":"en-US","potentialAction":[{"@type":"ReadAction","target":["https:\/\/www.obsolescence-management.net\/betreibertreffen-20-21-10-2015-bei-der-vag-nuernberg\/"]}]},{"@type":"ImageObject","inLanguage":"en-US","@id":"https:\/\/www.obsolescence-management.net\/betreibertreffen-20-21-10-2015-bei-der-vag-nuernberg\/#primaryimage","url":"https:\/\/www.obsolescence-management.net\/wp-content\/uploads\/U-Bahn_VAG.jpg","contentUrl":"https:\/\/www.obsolescence-management.net\/wp-content\/uploads\/U-Bahn_VAG.jpg","width":394,"height":394,"caption":"U-Bahn_VAG"},{"@type":"BreadcrumbList","@id":"https:\/\/www.obsolescence-management.net\/betreibertreffen-20-21-10-2015-bei-der-vag-nuernberg\/#breadcrumb","itemListElement":[{"@type":"ListItem","position":1,"name":"Home","item":"https:\/\/www.obsolescence-management.net\/"},{"@type":"ListItem","position":2,"name":"Betreibertreffen bei VAG N\u00fcrnberg"}]},{"@type":"WebSite","@id":"https:\/\/www.obsolescence-management.net\/#website","url":"https:\/\/www.obsolescence-management.net\/","name":"Obsolescence management portal","description":"Obsoleszenz und Ersatzteile","publisher":{"@id":"https:\/\/www.obsolescence-management.net\/#organization"},"potentialAction":[{"@type":"SearchAction","target":{"@type":"EntryPoint","urlTemplate":"https:\/\/www.obsolescence-management.net\/?s={search_term_string}"},"query-input":{"@type":"PropertyValueSpecification","valueRequired":true,"valueName":"search_term_string"}}],"inLanguage":"en-US"},{"@type":"Organization","@id":"https:\/\/www.obsolescence-management.net\/#organization","name":"Obsoleszenzmanagement Portal - AMSYS GmbH","url":"https:\/\/www.obsolescence-management.net\/","logo":{"@type":"ImageObject","inLanguage":"en-US","@id":"https:\/\/www.obsolescence-management.net\/#\/schema\/logo\/image\/","url":"https:\/\/www.obsolescence-management.net\/wp-content\/uploads\/om-portal-logo-rgb.png","contentUrl":"https:\/\/www.obsolescence-management.net\/wp-content\/uploads\/om-portal-logo-rgb.png","width":824,"height":461,"caption":"Obsoleszenzmanagement Portal - AMSYS GmbH"},"image":{"@id":"https:\/\/www.obsolescence-management.net\/#\/schema\/logo\/image\/"},"sameAs":["https:\/\/www.facebook.com\/AMSYSGmbH\/","https:\/\/x.com\/obsolescencecom","https:\/\/www.instagram.com\/amsysgmbh\/","https:\/\/de.linkedin.com\/company\/amsys-gmbh---applicable-management-systems","https:\/\/www.youtube.com\/channel\/UCjRYf7VvqIXjGVnNfJOvJIw"]},{"@type":"Person","@id":"https:\/\/www.obsolescence-management.net\/#\/schema\/person\/89de8763d896f953cc70c81fd5e288a8","name":"Christina Merkl"}]}},"_links":{"self":[{"href":"https:\/\/www.obsolescence-management.net\/en\/wp-json\/wp\/v2\/posts\/2958","targetHints":{"allow":["GET"]}}],"collection":[{"href":"https:\/\/www.obsolescence-management.net\/en\/wp-json\/wp\/v2\/posts"}],"about":[{"href":"https:\/\/www.obsolescence-management.net\/en\/wp-json\/wp\/v2\/types\/post"}],"author":[{"embeddable":true,"href":"https:\/\/www.obsolescence-management.net\/en\/wp-json\/wp\/v2\/users\/3"}],"replies":[{"embeddable":true,"href":"https:\/\/www.obsolescence-management.net\/en\/wp-json\/wp\/v2\/comments?post=2958"}],"version-history":[{"count":94,"href":"https:\/\/www.obsolescence-management.net\/en\/wp-json\/wp\/v2\/posts\/2958\/revisions"}],"predecessor-version":[{"id":4442,"href":"https:\/\/www.obsolescence-management.net\/en\/wp-json\/wp\/v2\/posts\/2958\/revisions\/4442"}],"wp:featuredmedia":[{"embeddable":true,"href":"https:\/\/www.obsolescence-management.net\/en\/wp-json\/wp\/v2\/media\/2957"}],"wp:attachment":[{"href":"https:\/\/www.obsolescence-management.net\/en\/wp-json\/wp\/v2\/media?parent=2958"}],"wp:term":[{"taxonomy":"category","embeddable":true,"href":"https:\/\/www.obsolescence-management.net\/en\/wp-json\/wp\/v2\/categories?post=2958"},{"taxonomy":"post_tag","embeddable":true,"href":"https:\/\/www.obsolescence-management.net\/en\/wp-json\/wp\/v2\/tags?post=2958"}],"curies":[{"name":"wp","href":"https:\/\/api.w.org\/{rel}","templated":true}]}}